[{"@context":"https:\/\/schema.org\/","@type":"Article","@id":"https:\/\/www.furtum.cz\/svetova-politika\/#Article","mainEntityOfPage":"https:\/\/www.furtum.cz\/svetova-politika\/","headline":"Sv\u011btov\u00e1 politika","name":"Sv\u011btov\u00e1 politika","description":"Mysl\u00edm si, \u017ee politika je opravdu v\u0161ude ve sv\u011bt\u011b r\u016fzn\u00e1. Nikdy nen\u00ed to, \u017ee by politika byla n\u011bkde \u00fapln\u011b stejn\u00e1. Kolikr\u00e1t sl\u00fdch\u00e1m tak\u00e9 r\u016fzn\u00e9 n\u00e1zory,&hellip;","datePublished":"2022-10-11","dateModified":"2023-05-18","author":{"@type":"Person","@id":"https:\/\/www.furtum.cz\/author\/devene\/#Person","name":"devene","url":"https:\/\/www.furtum.cz\/author\/devene\/","identifier":1,"image":{"@type":"ImageObject","@id":"https:\/\/secure.gravatar.com\/avatar\/93f351f97d5e20a41105810347d62b8b573eebe9313df1f71432877ed17f5f1a?s=96&d=mm&r=g","url":"https:\/\/secure.gravatar.com\/avatar\/93f351f97d5e20a41105810347d62b8b573eebe9313df1f71432877ed17f5f1a?s=96&d=mm&r=g","height":96,"width":96}},"publisher":{"@type":"Organization","name":"furtum.cz","logo":{"@type":"ImageObject","@id":"\/logo.png","url":"\/logo.png","width":600,"height":60}},"image":{"@type":"ImageObject","@id":"https:\/\/www.furtum.cz\/wp-content\/uploads\/congress-3290054_960_720.jpg","url":"https:\/\/www.furtum.cz\/wp-content\/uploads\/congress-3290054_960_720.jpg","height":0,"width":0},"url":"https:\/\/www.furtum.cz\/svetova-politika\/","about":["Politika"],"wordCount":418,"articleBody":"Mysl\u00edm si, \u017ee politika je opravdu v\u0161ude ve sv\u011bt\u011b r\u016fzn\u00e1. Nikdy nen\u00ed to, \u017ee by politika byla n\u011bkde \u00fapln\u011b stejn\u00e1. Kolikr\u00e1t sl\u00fdch\u00e1m tak\u00e9 r\u016fzn\u00e9 n\u00e1zory, \u017ee politiku nem\u00e1 v\u016fbec n\u011bkdo r\u00e1d a j\u00e1 se v\u016fbec nediv\u00edm. Ale abych pravdu \u0159ekla, tak j\u00e1 se ani v\u016fbec nediv\u00edm, proto\u017ee politika je takov\u00e1, \u017ee n\u011bkdy je to opravdu hrozn\u00e9 politiku poslouchat. J\u00e1 osobn\u011b bych nap\u0159\u00edklad nemohla b\u00fdt v\u016fbec politik. Tak\u00e9 by mi dokonce vadilo, kdyby t\u0159eba m\u016fj p\u0159\u00edtel nebo man\u017eel byl politik a j\u00e1 bych potom tak\u00e9 byla v hled\u00e1\u010dku v\u0161ech r\u016fzn\u00fdch novin\u00e1\u0159\u016f a tak podobn\u011b. Proto jsem si \u0159ekla, \u017ee rad\u011bji budu sed\u011bt doma, ne\u017e abych byla zapleten\u00e1 v politice. Kde\u017eto ale t\u0159eba nap\u0159\u00edklad m\u016fj otec a n\u011bco \u00fapln\u011b jin\u00e9ho. M\u016fj otec se \u00fapln\u011b vid\u00ed v tom, \u017ee by byl dobr\u00fd politik anebo n\u011bco podobn\u00e9ho. M\u016fj otec m\u00e1 moc r\u00e1d politiku. A to opravdu ve velk\u00e9m. Dokonce si po\u0159\u00eddil n\u011bkter\u00e9 dv\u011b knihy, kter\u00e9 byly biografie n\u011bjak\u00fdch v\u00fdznamn\u00fdch politik\u016f. J\u00e1 jsem si \u0159ekla, \u017ee politika m\u011b zaj\u00edm\u00e1 pouze do t\u00e9 doby, do konce\u00a0dvac\u00e1t\u00e9ho\u00a0stolet\u00ed. Jakmile u\u017e byl Tom\u00e1\u0161\u00a0Garrigue\u00a0Masaryk, tak u\u017e by m\u011b to n\u011bjak nezaj\u00edmalo. M\u011b to bav\u00ed, ale jen vzd\u00e1len\u00e1 takov\u00e1 historie politiky. A tohle je docela zaj\u00edmav\u00e9, proto\u017ee o historii se zaj\u00edm\u00e1m tak v\u0161eobecn\u011b. Bav\u00ed m\u011b skoro v\u0161echno a taky m\u00e1m doma r\u016fzn\u00e9 knihy o druh\u00e9 sv\u011btov\u00e9 v\u00e1lce. V t\u00e9 dob\u011b musela b\u00fdt politika a ekonomika opravdu zaj\u00edmav\u00e1, ale jsem opravdu r\u00e1da, \u017ee jsem tohle v\u016fbec neza\u017eila. \u0158\u00edk\u00e1m si, \u017ee kdy\u017e u\u017e je r\u016fzn\u00e1 politika, \u017ee by v\u0161echno m\u011blo b\u00fdt opravdu lep\u0161\u00ed a tak\u00e9 slu\u0161n\u00e9, proto\u017ee kdy\u017e se jedn\u00e1 o politiku, kde je v\u0161ude smutno a tak\u00e9 n\u00e1sil\u00ed, tak je to velice \u0161patn\u00e9. A v\u0161ichni v\u00edme, sv\u011btov\u00e1 politika je docela n\u00e1ro\u010dn\u00e1. Opravdu je v\u0161echno r\u016fzn\u00e9 a jsou r\u016fzn\u00ed lid\u00e9,\u00a0kte\u0159\u00ed\u00a0se o politiku\u00a0zaj\u00edmaj\u00ed\u00a0a tak\u00e9 se o ni\u00a0zaj\u00edmaj\u00ed.\u00a0Jinak\u00a0by to\u00a0nebylo\u00a0ono. Ka\u017ed\u00fd\u00a0\u010dlov\u011bk\u00a0se o n\u011bco zaj\u00edm\u00e1 anebo\u00a0ka\u017ed\u00fd\u00a0\u010dlov\u011bk\u00a0m\u00e1 jin\u00e9 z\u00e1liby.\u00a0                                                                                                                                                                                                                                                                                                                                                                                        3.9\/5 - (7 votes)        "},{"@context":"https:\/\/schema.org\/","@type":"BreadcrumbList","itemListElement":[{"@type":"ListItem","position":1,"name":"Sv\u011btov\u00e1 politika","item":"https:\/\/www.furtum.cz\/svetova-politika\/#breadcrumbitem"}]}]