{"@context":"https:\/\/schema.org\/","@type":"CollectionPage","@id":"https:\/\/www.furtum.cz\/politika\/#CollectionPage","headline":"Politika Category","description":"","url":"https:\/\/www.furtum.cz\/politika\/","hasPart":[{"@type":"Article","@id":"https:\/\/www.furtum.cz\/bez-politiky-to-nejde\/","headline":"Bez politiky to nejde","url":"https:\/\/www.furtum.cz\/bez-politiky-to-nejde\/","datePublished":"2025-02-04","dateModified":"2025-02-04","mainEntityOfPage":"https:\/\/www.furtum.cz\/bez-politiky-to-nejde\/","author":{"@type":"Person","@id":"https:\/\/www.furtum.cz\/author\/devene\/#Person","name":"devene","url":"https:\/\/www.furtum.cz\/author\/devene\/","identifier":1,"image":{"@type":"ImageObject","@id":"https:\/\/secure.gravatar.com\/avatar\/93f351f97d5e20a41105810347d62b8b573eebe9313df1f71432877ed17f5f1a?s=96&d=mm&r=g","url":"https:\/\/secure.gravatar.com\/avatar\/93f351f97d5e20a41105810347d62b8b573eebe9313df1f71432877ed17f5f1a?s=96&d=mm&r=g","height":96,"width":96}},"publisher":{"@type":"Organization","name":"furtum.cz","logo":{"@type":"ImageObject","@id":"\/logo.png","url":"\/logo.png","width":600,"height":60}},"image":{"@type":"ImageObject","@id":"https:\/\/www.furtum.cz\/wp-content\/uploads\/right-4703926_640%20(1).jpg","url":"https:\/\/www.furtum.cz\/wp-content\/uploads\/right-4703926_640%20(1).jpg","height":0,"width":0},"keywords":null},{"@type":"Article","@id":"https:\/\/www.furtum.cz\/volba-prezidenta-zajimavosti-a-klicove-momenty\/","headline":"Volba prezidenta: zaj\u00edmavosti a kl\u00ed\u010dov\u00e9 momenty","url":"https:\/\/www.furtum.cz\/volba-prezidenta-zajimavosti-a-klicove-momenty\/","datePublished":"2024-08-27","dateModified":"2024-08-27","mainEntityOfPage":"https:\/\/www.furtum.cz\/volba-prezidenta-zajimavosti-a-klicove-momenty\/","author":{"@type":"Person","@id":"https:\/\/www.furtum.cz\/author\/devene\/#Person","name":"devene","url":"https:\/\/www.furtum.cz\/author\/devene\/","identifier":1,"image":{"@type":"ImageObject","@id":"https:\/\/secure.gravatar.com\/avatar\/93f351f97d5e20a41105810347d62b8b573eebe9313df1f71432877ed17f5f1a?s=96&d=mm&r=g","url":"https:\/\/secure.gravatar.com\/avatar\/93f351f97d5e20a41105810347d62b8b573eebe9313df1f71432877ed17f5f1a?s=96&d=mm&r=g","height":96,"width":96}},"publisher":{"@type":"Organization","name":"furtum.cz","logo":{"@type":"ImageObject","@id":"\/logo.png","url":"\/logo.png","width":600,"height":60}},"image":{"@type":"ImageObject","@id":"https:\/\/www.furtum.cz\/wp-content\/uploads\/volby.png","url":"https:\/\/www.furtum.cz\/wp-content\/uploads\/volby.png","height":0,"width":0},"keywords":null},{"@type":"Article","@id":"https:\/\/www.furtum.cz\/bez-politiky-to-neni-ono\/","headline":"Bez politiky to nen\u00ed ono","url":"https:\/\/www.furtum.cz\/bez-politiky-to-neni-ono\/","datePublished":"2023-12-28","dateModified":"2024-02-28","mainEntityOfPage":"https:\/\/www.furtum.cz\/bez-politiky-to-neni-ono\/","author":{"@type":"Person","@id":"https:\/\/www.furtum.cz\/author\/devene\/#Person","name":"devene","url":"https:\/\/www.furtum.cz\/author\/devene\/","identifier":1,"image":{"@type":"ImageObject","@id":"https:\/\/secure.gravatar.com\/avatar\/93f351f97d5e20a41105810347d62b8b573eebe9313df1f71432877ed17f5f1a?s=96&d=mm&r=g","url":"https:\/\/secure.gravatar.com\/avatar\/93f351f97d5e20a41105810347d62b8b573eebe9313df1f71432877ed17f5f1a?s=96&d=mm&r=g","height":96,"width":96}},"publisher":{"@type":"Organization","name":"furtum.cz","logo":{"@type":"ImageObject","@id":"\/logo.png","url":"\/logo.png","width":600,"height":60}},"image":{"@type":"ImageObject","@id":"https:\/\/www.furtum.cz\/wp-content\/uploads\/choice-2692575_960_720.jpg","url":"https:\/\/www.furtum.cz\/wp-content\/uploads\/choice-2692575_960_720.jpg","height":0,"width":0},"keywords":null},{"@type":"Article","@id":"https:\/\/www.furtum.cz\/politika-ted-a-tady\/","headline":"Politika te\u010f a tady","url":"https:\/\/www.furtum.cz\/politika-ted-a-tady\/","datePublished":"2022-10-28","dateModified":"2023-09-28","mainEntityOfPage":"https:\/\/www.furtum.cz\/politika-ted-a-tady\/","author":{"@type":"Person","@id":"https:\/\/www.furtum.cz\/author\/devene\/#Person","name":"devene","url":"https:\/\/www.furtum.cz\/author\/devene\/","identifier":1,"image":{"@type":"ImageObject","@id":"https:\/\/secure.gravatar.com\/avatar\/93f351f97d5e20a41105810347d62b8b573eebe9313df1f71432877ed17f5f1a?s=96&d=mm&r=g","url":"https:\/\/secure.gravatar.com\/avatar\/93f351f97d5e20a41105810347d62b8b573eebe9313df1f71432877ed17f5f1a?s=96&d=mm&r=g","height":96,"width":96}},"publisher":{"@type":"Organization","name":"furtum.cz","logo":{"@type":"ImageObject","@id":"\/logo.png","url":"\/logo.png","width":600,"height":60}},"image":{"@type":"ImageObject","@id":"https:\/\/www.furtum.cz\/wp-content\/uploads\/large-home-389271_1280_4.jpg","url":"https:\/\/www.furtum.cz\/wp-content\/uploads\/large-home-389271_1280_4.jpg","height":0,"width":0},"keywords":null},{"@type":"Article","@id":"https:\/\/www.furtum.cz\/svetova-politika\/","headline":"Sv\u011btov\u00e1 politika","url":"https:\/\/www.furtum.cz\/svetova-politika\/","datePublished":"2022-10-11","dateModified":"2023-05-18","mainEntityOfPage":"https:\/\/www.furtum.cz\/svetova-politika\/","author":{"@type":"Person","@id":"https:\/\/www.furtum.cz\/author\/devene\/#Person","name":"devene","url":"https:\/\/www.furtum.cz\/author\/devene\/","identifier":1,"image":{"@type":"ImageObject","@id":"https:\/\/secure.gravatar.com\/avatar\/93f351f97d5e20a41105810347d62b8b573eebe9313df1f71432877ed17f5f1a?s=96&d=mm&r=g","url":"https:\/\/secure.gravatar.com\/avatar\/93f351f97d5e20a41105810347d62b8b573eebe9313df1f71432877ed17f5f1a?s=96&d=mm&r=g","height":96,"width":96}},"publisher":{"@type":"Organization","name":"furtum.cz","logo":{"@type":"ImageObject","@id":"\/logo.png","url":"\/logo.png","width":600,"height":60}},"image":{"@type":"ImageObject","@id":"https:\/\/www.furtum.cz\/wp-content\/uploads\/congress-3290054_960_720.jpg","url":"https:\/\/www.furtum.cz\/wp-content\/uploads\/congress-3290054_960_720.jpg","height":0,"width":0},"keywords":null}]}