[{"@context":"https:\/\/schema.org\/","@type":"Article","@id":"https:\/\/www.furtum.cz\/obleceni-pro-deti\/#Article","mainEntityOfPage":"https:\/\/www.furtum.cz\/obleceni-pro-deti\/","headline":"Oble\u010den\u00ed pro d\u011bti","name":"Oble\u010den\u00ed pro d\u011bti","description":"M\u00e1te mal\u00e9 d\u00edt\u011b nebo m\u00e1te kojence nebo dokonce \u010dek\u00e1te d\u00edt\u011b? Pokud ano, tak p\u0159edpokl\u00e1d\u00e1m, \u017ee u\u017e asi m\u00e1te t\u0159eba nakoupen\u00e9 n\u011bjak\u00e9 oble\u010den\u00ed anebo n\u011bjakou d\u011btskou&hellip;","datePublished":"2025-03-29","dateModified":"2025-03-29","author":{"@type":"Person","@id":"https:\/\/www.furtum.cz\/author\/devene\/#Person","name":"devene","url":"https:\/\/www.furtum.cz\/author\/devene\/","identifier":1,"image":{"@type":"ImageObject","@id":"https:\/\/secure.gravatar.com\/avatar\/93f351f97d5e20a41105810347d62b8b573eebe9313df1f71432877ed17f5f1a?s=96&d=mm&r=g","url":"https:\/\/secure.gravatar.com\/avatar\/93f351f97d5e20a41105810347d62b8b573eebe9313df1f71432877ed17f5f1a?s=96&d=mm&r=g","height":96,"width":96}},"publisher":{"@type":"Organization","name":"furtum.cz","logo":{"@type":"ImageObject","@id":"\/logo.png","url":"\/logo.png","width":600,"height":60}},"image":{"@type":"ImageObject","@id":"https:\/\/www.furtum.cz\/wp-content\/uploads\/people-2574170_640.jpg","url":"https:\/\/www.furtum.cz\/wp-content\/uploads\/people-2574170_640.jpg","height":0,"width":0},"url":"https:\/\/www.furtum.cz\/obleceni-pro-deti\/","about":["Produkty"],"wordCount":425,"articleBody":"       M\u00e1te mal\u00e9 d\u00edt\u011b nebo m\u00e1te kojence nebo dokonce \u010dek\u00e1te d\u00edt\u011b? Pokud ano, tak p\u0159edpokl\u00e1d\u00e1m, \u017ee u\u017e asi m\u00e1te t\u0159eba nakoupen\u00e9 n\u011bjak\u00e9 oble\u010den\u00ed anebo n\u011bjakou d\u011btskou v\u00fdbavi\u010dku. Podle m\u00e9ho n\u00e1zoru je tohle opravdu hodn\u011b d\u016fle\u017eit\u00e9, proto\u017ee kdybyste nem\u011bli \u017e\u00e1dnou v\u00fdbavi\u010dku pro va\u0161e d\u00edt\u011b, tak by to potom bylo opravdu hodn\u011b \u0161patn\u00e9. A kupovat asi v\u0161echno na posledn\u00ed chv\u00edli nen\u00ed v\u016fbec to nejlep\u0161\u00ed. Nen\u00ed to ten nejlep\u0161\u00ed n\u00e1pad, proto\u017ee n\u011bkdy na n\u011bco m\u016f\u017eete zapomenout a potom v\u00e1m tu bude chyb\u011bt ve va\u0161\u00ed v\u00fdbavi\u010dce pro va\u0161e d\u00edt\u011b. Kojeneck\u00e9 tri\u010dko bez ruk\u00e1v\u016f je d\u016fle\u017eit\u00e9. Jo mysl\u00edm si, \u017ee v ka\u017ed\u00e9 d\u011btsk\u00e9 v\u00fdbavi\u010dce pro budouc\u00ed maminku by kojeneck\u00e9 tri\u010dko bez ruk\u00e1v\u016f by m\u011blo b\u00fdt opravdu d\u016fle\u017eit\u00e9. M\u011blo by tam b\u00fdt stejn\u011b tak jako d\u011btsk\u00e9 body s dlouh\u00fdm ruk\u00e1vem. Pokud si nev\u00edte rady, tak samoz\u0159ejm\u011b na internetu jsou r\u016fzn\u00e9 tipy nebo odkazy a tak\u00e9 rady, kde vy se m\u016f\u017eete pod\u00edvat, co v\u0161echno byste m\u011bli m\u00edt doma? Jako nap\u0159\u00edklad su\u0161en\u00e9 ml\u00e9ko nebo tak\u00e9 lahvi\u010dky a podobn\u011b. Mysl\u00edm si, \u017ee ale oble\u010den\u00ed pro kojence nebo novorozence je velice d\u016fle\u017eit\u00e9. A to hlavn\u011b z toho d\u016fvodu, aby to tak\u00e9 bylo kvalitn\u00ed. Aby to byl kvalitn\u00ed materi\u00e1l, kter\u00fd by ne\u0161kr\u00e1bal anebo, kter\u00fd by v\u016fbec nikde d\u00edt\u011b ne\u0161krtil, nebo mu n\u011bjak nepo\u0161kozoval k\u016f\u017ei. J\u00e1 sama, kdy\u017e jsem \u010dekala sv\u00e1 dvoj\u010data, tak jsem tak\u00e9 cht\u011bla, aby v\u0161e bylo dokonal\u00e9. Kupovala jsem si r\u016fzn\u00e9 knihy, a tak podobn\u011b, nebo i \u010dasopisy, kde jsem se dozv\u00eddala, co v\u0161echno budu pot\u0159ebovat, a\u017e se mi narod\u00ed d\u011bti. Opravdu hodn\u011b jsem se t\u011b\u0161ila a m\u011bla jsem doma toho opravdu hodn\u011b. M\u011bla jsem tak\u00e9 kojeneck\u00e9 tri\u010dko a tak\u00e9 kojeneck\u00e9 body bez ruk\u00e1v\u016f nebo tak\u00e9 d\u011btsk\u00e9 overaly. To je podle m\u00e9ho n\u00e1zoru opravdu hodn\u011b d\u016fle\u017eit\u00e9. Tak\u00e9 samoz\u0159ejm\u011b z\u00e1le\u017e\u00ed, kdy budete rodit nebo jak je star\u00e9 d\u00edt\u011b. Budete pot\u0159ebovat jak zimn\u00ed oble\u010den\u00ed, tak samoz\u0159ejm\u011b tak\u00e9 letn\u00ed oble\u010den\u00ed pro va\u0161e d\u00edt\u011b. Ka\u017ed\u00e9 d\u00edt\u011b pot\u0159ebuje samoz\u0159ejm\u011b to svoje.                                                                                                                                                                                                                                                                                                                                                                                          4\/5 - (7 votes)        "},{"@context":"https:\/\/schema.org\/","@type":"BreadcrumbList","itemListElement":[{"@type":"ListItem","position":1,"name":"Oble\u010den\u00ed pro d\u011bti","item":"https:\/\/www.furtum.cz\/obleceni-pro-deti\/#breadcrumbitem"}]}]