[{"@context":"https:\/\/schema.org\/","@type":"Article","@id":"https:\/\/www.furtum.cz\/mobilni-funkce\/#Article","mainEntityOfPage":"https:\/\/www.furtum.cz\/mobilni-funkce\/","headline":"Mobiln\u00ed funkce","name":"Mobiln\u00ed funkce","description":"Mobiln\u00ed telefon v dne\u0161n\u00ed dob\u011b m\u00e1me doma opravdu v\u0161ichni. Nebo vy ho nem\u00e1te? Zn\u00e1m n\u011bkter\u00e9 lidi, kter\u00fd mobiln\u00ed telefon nemaj\u00ed. A v\u016fbec ho necht\u011bj\u00ed nebo&hellip;","datePublished":"2023-04-11","dateModified":"2023-05-18","author":{"@type":"Person","@id":"https:\/\/www.furtum.cz\/author\/devene\/#Person","name":"devene","url":"https:\/\/www.furtum.cz\/author\/devene\/","identifier":1,"image":{"@type":"ImageObject","@id":"https:\/\/secure.gravatar.com\/avatar\/93f351f97d5e20a41105810347d62b8b573eebe9313df1f71432877ed17f5f1a?s=96&d=mm&r=g","url":"https:\/\/secure.gravatar.com\/avatar\/93f351f97d5e20a41105810347d62b8b573eebe9313df1f71432877ed17f5f1a?s=96&d=mm&r=g","height":96,"width":96}},"publisher":{"@type":"Organization","name":"furtum.cz","logo":{"@type":"ImageObject","@id":"\/logo.png","url":"\/logo.png","width":600,"height":60}},"image":{"@type":"ImageObject","@id":"https:\/\/www.furtum.cz\/wp-content\/uploads\/dock-3818210_960_720.jpg","url":"https:\/\/www.furtum.cz\/wp-content\/uploads\/dock-3818210_960_720.jpg","height":0,"width":0},"url":"https:\/\/www.furtum.cz\/mobilni-funkce\/","about":["Mobil"],"wordCount":407,"articleBody":"Mobiln\u00ed telefon v dne\u0161n\u00ed dob\u011b m\u00e1me doma opravdu v\u0161ichni. Nebo vy ho nem\u00e1te? Zn\u00e1m n\u011bkter\u00e9 lidi, kter\u00fd mobiln\u00ed telefon nemaj\u00ed. A v\u016fbec ho necht\u011bj\u00ed nebo maj\u00ed st\u00e1le pevnou linku. I kdy\u017e j\u00e1 jsem si u\u017e myslela, \u017ee d\u00e1vno pevn\u00e1 linka u\u017e vymizela a u\u017e\u00a0ji\u00a0nikdo\u00a0doma nem\u00e1. Jenom\u017ee potom kdy\u017e si vzpomenu na n\u011bkter\u00e9 firmy anebo dal\u0161\u00ed spole\u010dnosti, tak ty p\u0159ece st\u00e1le pevnou linku maj\u00ed. Sice je to skv\u011bl\u00e9, ale j\u00e1 si mysl\u00edm, \u017ee pevn\u00e1 linka je u\u017e \u00fapln\u011b zbyte\u010dn\u00e1. A to u\u017e hlavn\u011b tak\u00e9 kv\u016fli tomu, \u017ee budou chci m\u00edt pevnou linku, tak taky mus\u00ed m\u00edt n\u011bkter\u00e9 kabely, kam by potom pevnou linku dali. A proto si mysl\u00edm, \u017ee mobiln\u00ed telefon bude opravdu ten nejlep\u0161\u00ed, co m\u016f\u017ee b\u00fdt,\u00a0proto\u017ee\u00a0ten \u017e\u00e1dn\u00e9 kabely nepot\u0159ebuje. A taky si \u0159\u00edk\u00e1m, \u017ee je opravdu \u0161koda, \u017ee n\u011bkte\u0159\u00ed star\u0161\u00ed lid\u00e9 v\u016fbec necht\u011bj\u00ed m\u00edt doma mobiln\u00ed telefon. A sice moje babi\u010dka m\u00e1 takov\u00fd mobiln\u00ed telefon, kter\u00fd ale opravdu star\u00fd a u\u017e na n\u011bm skoro ani nejde displej vid\u011bt, jak ho m\u00e1 umazan\u00fd a\u00a0osahan\u00fd. A ten display je tak opravdu hodn\u011b po\u0161kr\u00e1ban\u00fd, \u017ee se div\u00edm, \u017ee na n\u011bj babi\u010dka st\u00e1le dob\u0159e vid\u00ed. Jenom\u017ee babi\u010dka mi \u0159ekla, \u017ee ten mobiln\u00ed telefon je \u00fapln\u011b obl\u00edben\u00fd a \u017ee pr\u00fd m\u00e1 tak velk\u00e1 \u010d\u00edslice, \u017ee aspo\u0148 na to vid\u00ed dob\u0159e. I kdy\u017e j\u00e1 sama pochybuji, \u017ee na to tak moc dob\u0159e vid\u00ed. Jenom\u017ee kdy\u017e jsem j\u00ed \u0159ekla, \u017ee v dne\u0161n\u00ed dob\u011b jsou mobiln\u00ed telefony tak\u00e9 tak skv\u011bl\u00e9 a s velk\u00fdm displejem a velk\u00fdmi \u010d\u00edslem, tak stejn\u011b babi\u010dka v\u016fbec \u017e\u00e1dn\u00fd jin\u00fd mobiln\u00ed telefon necht\u011bla. Ona toti\u017e \u0159\u00edk\u00e1, \u017ee \u010dlov\u011bk si m\u00e1 v\u011bc\u00ed v\u00e1\u017eit, \u017ee dokud slou\u017e\u00ed, tak by se nem\u011bli v\u016fbec m\u011bnit. Tak\u017ee jsem si \u0159ekla, \u017ee to bude opravdu asi skv\u011bl\u00fd argument. Ale\u00a0stejn\u011b\u00a0jsme babi\u010dce k narozenin\u00e1m po\u0159\u00eddili nov\u00fd dotykov\u00fd mobiln\u00ed telefon a mysl\u00edm si, \u017ee je s n\u00edm naprosto spokojen\u00e1. I d\u016fchodci cht\u011bj\u00ed\u00a0t\u0159eba\u00a0n\u011bjak\u00e9\u00a0mobiln\u00ed\u00a0novinky nebo m\u00edt n\u011bco nov\u00e9ho. J\u00e1 m\u00e1m r\u00e1da mobiln\u00ed novinky a m\u00e1m opravdu skv\u011bl\u00fd\u00a0mobiln\u00ed telefon.                                                                                                                                                                                                                                                                                                                                                                                        4.8\/5 - (10 votes)        "},{"@context":"https:\/\/schema.org\/","@type":"BreadcrumbList","itemListElement":[{"@type":"ListItem","position":1,"name":"Mobiln\u00ed funkce","item":"https:\/\/www.furtum.cz\/mobilni-funkce\/#breadcrumbitem"}]}]