[{"@context":"https:\/\/schema.org\/","@type":"Article","@id":"https:\/\/www.furtum.cz\/deti-a-mobil\/#Article","mainEntityOfPage":"https:\/\/www.furtum.cz\/deti-a-mobil\/","headline":"D\u011bti a mobil","name":"D\u011bti a mobil","description":"V dne\u0161n\u00ed dob\u011b je mobiln\u00ed telefon \u00fapln\u011b jako denn\u00ed chleba. Mobiln\u00ed telefon m\u00e1 v dne\u0161n\u00ed dob\u011b \u00fapln\u011b ka\u017ed\u00fd, a to dokonce u\u017e i senio\u0159i anebo&hellip;","datePublished":"2024-10-31","dateModified":"2024-10-31","author":{"@type":"Person","@id":"https:\/\/www.furtum.cz\/author\/devene\/#Person","name":"devene","url":"https:\/\/www.furtum.cz\/author\/devene\/","identifier":1,"image":{"@type":"ImageObject","@id":"https:\/\/secure.gravatar.com\/avatar\/93f351f97d5e20a41105810347d62b8b573eebe9313df1f71432877ed17f5f1a?s=96&d=mm&r=g","url":"https:\/\/secure.gravatar.com\/avatar\/93f351f97d5e20a41105810347d62b8b573eebe9313df1f71432877ed17f5f1a?s=96&d=mm&r=g","height":96,"width":96}},"publisher":{"@type":"Organization","name":"furtum.cz","logo":{"@type":"ImageObject","@id":"\/logo.png","url":"\/logo.png","width":600,"height":60}},"image":{"@type":"ImageObject","@id":"https:\/\/www.furtum.cz\/wp-content\/uploads\/hands-1853302_960_720_1.jpg","url":"https:\/\/www.furtum.cz\/wp-content\/uploads\/hands-1853302_960_720_1.jpg","height":0,"width":0},"url":"https:\/\/www.furtum.cz\/deti-a-mobil\/","about":["Mobil"],"wordCount":428,"articleBody":"V dne\u0161n\u00ed dob\u011b je mobiln\u00ed telefon \u00fapln\u011b jako denn\u00ed chleba. Mobiln\u00ed telefon m\u00e1 v dne\u0161n\u00ed dob\u011b \u00fapln\u011b ka\u017ed\u00fd, a to dokonce u\u017e i senio\u0159i anebo tak\u00e9 mal\u00e9 d\u011bti. I kdy\u017e mnoho lid\u00ed pr\u00e1v\u011b nem\u00e1 r\u00e1do, kdy\u017e mal\u00e9 d\u011bti maj\u00ed mobiln\u00ed telefony, ale j\u00e1 tohle rozumn\u011b nech\u00e1pu a nev\u00edm, pro\u010d by i mal\u00e9 d\u00edt\u011b nemohlo m\u00edt mobiln\u00ed telefon, nap\u0159\u00edklad m\u016fj syn. Kter\u00e9mu je dev\u011bt\u00a0let, tak tak\u00e9 u\u017e m\u00e1 n\u011bkolik let mobiln\u00ed telefon. A to hlavn\u011b kv\u016fli tomu, \u017ee kdy\u017e kon\u010d\u00ed ve \u0161kole tak, aby mi mohl zavolat, kdy m\u00e1m pro n\u011bj p\u0159ijet. Nebo kdy\u017e jde s kamar\u00e1dy na h\u0159i\u0161t\u011b, tak tak\u00e9 chci, aby byl vlastn\u011b dostupn\u00fd, nebo jste mu tak\u00e9 po\u0159\u00eddila opravdu kr\u00e1sn\u00e9 hodinky, na kter\u00e9mu mohu tak\u00e9 zavolat?Mysl\u00edm si, \u017ee tohle se vyplat\u00ed. Samoz\u0159ejm\u011b, \u017ee kdy\u017e d\u011bti budou tr\u00e1vit na mobiln\u00edm telefonu opravdu hodn\u011b \u010dasu spoustu hodin, tak jim to potom \u0161kod\u00ed. Jinak se to opravdu p\u0159edstavit nedok\u00e1\u017ei. J\u00e1 tak\u00e9 sv\u00e9mu synovi zakazuji, aby si p\u0159ed span\u00edm hr\u00e1l mobiln\u00ed hry, proto\u017ee m\u016fj syn nesm\u00ed hodinu p\u0159edt\u00edm, ne\u017e p\u016fjde sp\u00e1t, tak nesm\u00ed m\u00edt v ruce mobiln\u00ed telefon. Mysl\u00edm si, \u017ee takhle je to ale prima, \u017ee by ka\u017ed\u00fd rodi\u010d m\u011bl tak\u00e9 myslet na zdrav\u00ed sv\u00fdch d\u011bt\u00ed, jako nap\u0159\u00edklad hlavn\u011b na o\u010di. Proto jsem si \u0159ekla, \u017ee nejlep\u0161\u00ed je, kdy\u017e t\u0159eba rodi\u010de daj\u00ed sv\u00fdm d\u011btem hranice, jak dlouho a pro\u010d mohou b\u00fdt na mobiln\u00edm telefonu. A pokud m\u00e1te mal\u00e9 d\u011bti a ty va\u0161e d\u011bti maj\u00ed mobiln\u00ed telefon, tak kontrolujete jim, co tam d\u011blaj\u00ed? Jestli t\u0159eba maj\u00ed r\u016fzn\u00e9 soci\u00e1ln\u00ed s\u00edt\u011b anebo n\u011bjak\u00e9 poh\u00e1dky se d\u00edvaj\u00ed, nebo jestli se tak\u00e9 koukaj\u00ed na popul\u00e1rn\u00ed YouTube? Pokud ano, tak samoz\u0159ejm\u011b \u017ee jsou i r\u016fzn\u00e9 servery, kam d\u011bti m\u016f\u017eou, proto\u017ee jsou i n\u011bkter\u00e9 servery, kam d\u011bti nemohou, ale kdy\u017e tam d\u011bti na mobiln\u00edm telefonu daj\u00ed r\u016fzn\u00fd v\u011bk, tak samoz\u0159ejm\u011b \u017ee je to potom pust\u00ed v\u0161ude, kdy\u017e daj\u00ed, \u017ee u\u017e jsou plnolet\u00e9. Tak potom mohou j\u00edt opravdu v\u0161ude. A mysl\u00edm si, \u017ee rodi\u010de by tohle m\u011bli v\u017edycky kontrolovat. Proto\u017ee nikdo nechce, aby d\u011bti d\u011blaly na mobiln\u00edm telefonu\u00a0neplechy.\u00a0                                                                                                                                                                                                                                                                                                                                                                                        4.4\/5 - (8 votes)        "},{"@context":"https:\/\/schema.org\/","@type":"BreadcrumbList","itemListElement":[{"@type":"ListItem","position":1,"name":"D\u011bti a mobil","item":"https:\/\/www.furtum.cz\/deti-a-mobil\/#breadcrumbitem"}]}]