[{"@context":"https:\/\/schema.org\/","@type":"Article","@id":"https:\/\/www.furtum.cz\/bez-politiky-to-nejde\/#Article","mainEntityOfPage":"https:\/\/www.furtum.cz\/bez-politiky-to-nejde\/","headline":"Bez politiky to nejde","name":"Bez politiky to nejde","description":"Zn\u00e1te n\u011bjak\u00e9 politick\u00e9 po\u0159ady anebo knihu, kter\u00e1 se zab\u00fdv\u00e1 politikou anebo tak\u00e9 \u010dasopis? Mysl\u00edm si, \u017ee ka\u017ed\u00fd bude zn\u00e1t takov\u00fd politick\u00fd po\u0159ad, kter\u00fd se jmenoval&hellip;","datePublished":"2025-02-04","dateModified":"2025-02-04","author":{"@type":"Person","@id":"https:\/\/www.furtum.cz\/author\/devene\/#Person","name":"devene","url":"https:\/\/www.furtum.cz\/author\/devene\/","identifier":1,"image":{"@type":"ImageObject","@id":"https:\/\/secure.gravatar.com\/avatar\/93f351f97d5e20a41105810347d62b8b573eebe9313df1f71432877ed17f5f1a?s=96&d=mm&r=g","url":"https:\/\/secure.gravatar.com\/avatar\/93f351f97d5e20a41105810347d62b8b573eebe9313df1f71432877ed17f5f1a?s=96&d=mm&r=g","height":96,"width":96}},"publisher":{"@type":"Organization","name":"furtum.cz","logo":{"@type":"ImageObject","@id":"\/logo.png","url":"\/logo.png","width":600,"height":60}},"image":{"@type":"ImageObject","@id":"https:\/\/www.furtum.cz\/wp-content\/uploads\/right-4703926_640%20(1).jpg","url":"https:\/\/www.furtum.cz\/wp-content\/uploads\/right-4703926_640%20(1).jpg","height":0,"width":0},"url":"https:\/\/www.furtum.cz\/bez-politiky-to-nejde\/","about":["Politika"],"wordCount":408,"articleBody":"Zn\u00e1te n\u011bjak\u00e9 politick\u00e9 po\u0159ady anebo knihu, kter\u00e1 se zab\u00fdv\u00e1 politikou anebo tak\u00e9 \u010dasopis? Mysl\u00edm si, \u017ee ka\u017ed\u00fd bude zn\u00e1t takov\u00fd politick\u00fd po\u0159ad, kter\u00fd se jmenoval S politiky netan\u010d\u00edm. Mysl\u00edm si, \u017ee to byl opravdu docela zaj\u00edmav\u00fd po\u0159ad. I kdy\u017e nejsem velik\u00e1 fanynka a nad\u0161enec politiky, tak tenhle po\u0159ad jsem m\u011bla r\u00e1da, proto\u017ee byl opravdu hodn\u011b vtipn\u00fd a moc se mi l\u00edbil. Vid\u011bli jste n\u011bkdy tenhle po\u0159ad? Pokud ano, tak si gratulujte, proto\u017ee tenhle po\u0159ad byl opravdu velice obl\u00edben\u00fd a t\u00fdkal se hlavn\u011b politiky a tak\u00e9 se d\u011blaly r\u016fzn\u00e9 vtipy anebo srandy pr\u00e1v\u011b z politik\u016f anebo v politick\u00fdch stran.A tak\u00e9 samoz\u0159ejm\u011b z politick\u00fdch debat a tak podobn\u011b. Jenom\u017ee tohle v\u016fbec nen\u00ed m\u00e9 obl\u00edben\u00e9 t\u00e9ma, j\u00e1 bych tohle absolutn\u011b v\u016fbec nesnesla. Kdybych se o tomu m\u011bla bavit opravdu ka\u017ed\u00fd den. A te\u010f ti nev\u00edm, jestli tenhle po\u0159ad byl ka\u017ed\u00fd den. Nev\u00edm, jestli to t\u0159eba bylo n\u011bkolikr\u00e1t t\u00fddn\u011b. Proto\u017ee jsem si myslela, \u017ee pr\u00e1v\u011b tyhle politick\u00e9 debaty se budou tak\u00e9 n\u011bkomu l\u00edbit, stejn\u011b tak jako m\u011b. Ale samoz\u0159ejm\u011b, \u017ee jsem tyhle politick\u00e9 debaty a politick\u00e9 po\u0159ady nesledovala \u00fapln\u011b pravideln\u011b. Kdyby to bylo ka\u017ed\u00fd den, tak si mysl\u00edm, \u017ee bych tohle absolutn\u011b v\u016fbec nesledovala.A vlastn\u011b kdy\u017e si takhle vzpom\u00edn\u00e1m, tak jsem tyhle politick\u00e9 debaty nesledovala v\u016fbec pravideln\u011b. A kdyby to bylo ka\u017ed\u00fd den, tak bych si to ur\u010dit\u011b uv\u011bdomila a v\u0161imla bych si toho, proto\u017ee moje maminka i m\u016fj otec se o politice hodn\u011b r\u00e1di bav\u00ed. O politiku se zaj\u00edmaj\u00ed a tak\u00e9 sleduj\u00ed v\u0161echny t\u00e9m\u011b\u0159 d\u016fle\u017eit\u00e9 politick\u00e9 debaty, a to hlavn\u011b ned\u011bln\u00ed rann\u00ed politick\u00e9 debaty. Mysl\u00edm si, \u017ee ur\u010dit\u011b v\u00edte, o \u010dem mluv\u00edm. J\u00e1 sama jsem si \u0159ekla, \u017ee kdybych tohle vid\u011bla alespo\u0148 n\u011bkolikr\u00e1t, \u017ee bych to t\u0159eba pochopila, \u017ee bych t\u0159eba pochopila politiku a tak podobn\u011b. Jenom\u017ee ne, bylo to docela slo\u017eit\u00e9, a tak jsem si \u0159ekla, \u017ee politiku p\u0159enech\u00e1m t\u011bm lidem, kte\u0159\u00ed se o ni zaj\u00edmaj\u00ed a kte\u0159\u00ed o politice budou tak\u00e9 zn\u00e1t. V\u00edce informac\u00ed, ne jako j\u00e1.\u00a0                                                                                                                                                                                                                                                                                                                                                                                        4.2\/5 - (9 votes)        "},{"@context":"https:\/\/schema.org\/","@type":"BreadcrumbList","itemListElement":[{"@type":"ListItem","position":1,"name":"Bez politiky to nejde","item":"https:\/\/www.furtum.cz\/bez-politiky-to-nejde\/#breadcrumbitem"}]}]